{"id":1191,"date":"2026-01-08T17:51:52","date_gmt":"2026-01-08T17:51:52","guid":{"rendered":"https:\/\/akuttspesialisten.no\/?p=1191"},"modified":"2026-01-08T18:00:46","modified_gmt":"2026-01-08T18:00:46","slug":"utvider-teamet-forstehjelp-beredskap","status":"publish","type":"post","link":"https:\/\/akuttspesialisten.no\/index.php\/2026\/01\/08\/utvider-teamet-forstehjelp-beredskap\/","title":{"rendered":"Vi utvider teamet v\u00e5rt innen f\u00f8rstehjelp og beredskap"},"content":{"rendered":"\n<p>For \u00e5 m\u00f8te \u00f8kende ettersp\u00f8rsel etter f\u00f8rstehjelpskurs, beredskapsplaner og HMS-r\u00e5dgivning, har vi i Akuttspesialisten gleden av \u00e5 fortelle at vi utvider teamet v\u00e5rt.<\/p>\n\n\n\n<p>Vi har styrket v\u00e5r faglige kapasitet med to nye instrukt\u00f8rer innen f\u00f8rstehjelp, hjertestarter og brannvern. Instrukt\u00f8rene har solid erfaring fra den akuttmedisinske kjeden og bidrar til \u00e5 sikre h\u00f8y kvalitet og oppdatert innhold i v\u00e5re kurs og \u00f8velser.<\/p>\n\n\n\n<p>I tillegg har vi \u00f8nsket to nye medarbeidere velkommen som arbeider med beredskapsplaner, ROS-analyser og HMS-arbeid. Dette gj\u00f8r oss enda bedre rustet til \u00e5 hjelpe virksomheter med \u00e5 etablere tilpassede, forskriftsmessige og effektive beredskapsl\u00f8sninger.<\/p>\n\n\n\n<p>Med utvidelsen av teamet kan vi tilby enda bedre oppf\u00f8lging innen beredskap, f\u00f8rstehjelpsoppl\u00e6ring og forebyggende sikkerhetsarbeid. V\u00e5rt m\u00e5l er \u00e5 bidra til \u00f8kt trygghet, bedre beredskap og h\u00f8yere kompetanse hos v\u00e5re kunder \u2013 uansett bransje.<\/p>\n\n\n\n<p><\/p>\n","protected":false},"excerpt":{"rendered":"<p>For \u00e5 m\u00f8te \u00f8kende ettersp\u00f8rsel etter f\u00f8rstehjelpskurs, beredskapsplaner og HMS-r\u00e5dgivning, har vi i Akuttspesialisten gleden av \u00e5 fortelle at vi utvider teamet v\u00e5rt. Vi har styrket v\u00e5r faglige kapasitet med to nye instrukt\u00f8rer innen f\u00f8rstehjelp, hjertestarter og brannvern. Instrukt\u00f8rene har solid erfaring fra den akuttmedisinske kjeden og bidrar til \u00e5 sikre h\u00f8y kvalitet og oppdatert [&hellip;]<\/p>\n","protected":false},"author":1,"featured_media":910,"comment_status":"open","ping_status":"open","sticky":false,"template":"wp-custom-template-primary-page","format":"standard","meta":{"footnotes":""},"categories":[16,11,15,10],"tags":[],"class_list":["post-1191","post","type-post","status-publish","format-standard","has-post-thumbnail","hentry","category-forstehjelp","category-forstehjelp-for-barn","category-krav-til-forstehjelpsutstyr","category-nye-instruktorer"],"yoast_head":"<!-- This site is optimized with the Yoast SEO plugin v27.3 - https:\/\/yoast.com\/product\/yoast-seo-wordpress\/ -->\n<title>Vi utvider teamet v\u00e5rt innen f\u00f8rstehjelp og beredskap - AKUTTSPESIALISTEN AS<\/title>\n<meta name=\"description\" content=\"Vi utvider teamet med nye instrukt\u00f8rer og \u00f8kt kapasitet innen beredskapsplaner og HMS for \u00e5 gi kundene enda bedre beredskap.\" \/>\n<meta name=\"robots\" content=\"index, follow, max-snippet:-1, max-image-preview:large, max-video-preview:-1\" \/>\n<link rel=\"canonical\" href=\"https:\/\/akuttspesialisten.no\/index.php\/2026\/01\/08\/utvider-teamet-forstehjelp-beredskap\/\" \/>\n<meta property=\"og:locale\" content=\"nb_NO\" \/>\n<meta property=\"og:type\" content=\"article\" \/>\n<meta property=\"og:title\" content=\"Vi utvider teamet v\u00e5rt innen f\u00f8rstehjelp og beredskap - AKUTTSPESIALISTEN AS\" \/>\n<meta property=\"og:description\" content=\"Vi utvider teamet med nye instrukt\u00f8rer og \u00f8kt kapasitet innen beredskapsplaner og HMS for \u00e5 gi kundene enda bedre beredskap.\" \/>\n<meta property=\"og:url\" content=\"https:\/\/akuttspesialisten.no\/index.php\/2026\/01\/08\/utvider-teamet-forstehjelp-beredskap\/\" \/>\n<meta property=\"og:site_name\" content=\"AKUTTSPESIALISTEN AS\" \/>\n<meta property=\"article:publisher\" content=\"https:\/\/www.facebook.com\/akuttspesialisten\/\" \/>\n<meta property=\"article:published_time\" content=\"2026-01-08T17:51:52+00:00\" \/>\n<meta property=\"article:modified_time\" content=\"2026-01-08T18:00:46+00:00\" \/>\n<meta property=\"og:image\" content=\"https:\/\/akuttspesialisten.no\/wp-content\/uploads\/2024\/08\/nyhet_vistyrkerteamet.png\" \/>\n\t<meta property=\"og:image:width\" content=\"1920\" \/>\n\t<meta property=\"og:image:height\" content=\"852\" \/>\n\t<meta property=\"og:image:type\" content=\"image\/png\" \/>\n<meta name=\"author\" content=\"admin\" \/>\n<meta name=\"twitter:card\" content=\"summary_large_image\" \/>\n<meta name=\"twitter:label1\" content=\"Skrevet av\" \/>\n\t<meta name=\"twitter:data1\" content=\"admin\" \/>\n\t<meta name=\"twitter:label2\" content=\"Ansl. lesetid\" \/>\n\t<meta name=\"twitter:data2\" content=\"1 minutt\" \/>\n<script type=\"application\/ld+json\" class=\"yoast-schema-graph\">{\"@context\":\"https:\\\/\\\/schema.org\",\"@graph\":[{\"@type\":\"Article\",\"@id\":\"https:\\\/\\\/akuttspesialisten.no\\\/index.php\\\/2026\\\/01\\\/08\\\/utvider-teamet-forstehjelp-beredskap\\\/#article\",\"isPartOf\":{\"@id\":\"https:\\\/\\\/akuttspesialisten.no\\\/index.php\\\/2026\\\/01\\\/08\\\/utvider-teamet-forstehjelp-beredskap\\\/\"},\"author\":{\"name\":\"admin\",\"@id\":\"https:\\\/\\\/akuttspesialisten.no\\\/#\\\/schema\\\/person\\\/be018088adcb64b0fe0b1c99d1d8226c\"},\"headline\":\"Vi utvider teamet v\u00e5rt innen f\u00f8rstehjelp og beredskap\",\"datePublished\":\"2026-01-08T17:51:52+00:00\",\"dateModified\":\"2026-01-08T18:00:46+00:00\",\"mainEntityOfPage\":{\"@id\":\"https:\\\/\\\/akuttspesialisten.no\\\/index.php\\\/2026\\\/01\\\/08\\\/utvider-teamet-forstehjelp-beredskap\\\/\"},\"wordCount\":153,\"commentCount\":0,\"publisher\":{\"@id\":\"https:\\\/\\\/akuttspesialisten.no\\\/#organization\"},\"image\":{\"@id\":\"https:\\\/\\\/akuttspesialisten.no\\\/index.php\\\/2026\\\/01\\\/08\\\/utvider-teamet-forstehjelp-beredskap\\\/#primaryimage\"},\"thumbnailUrl\":\"https:\\\/\\\/akuttspesialisten.no\\\/wp-content\\\/uploads\\\/2024\\\/08\\\/nyhet_vistyrkerteamet.png\",\"articleSection\":[\"F\u00f8rstehjelp\",\"F\u00f8rstehjelp for barn\",\"Krav til f\u00f8rstehjelpsutstyr\",\"Nye instrukt\u00f8rer\"],\"inLanguage\":\"nb-NO\",\"potentialAction\":[{\"@type\":\"CommentAction\",\"name\":\"Comment\",\"target\":[\"https:\\\/\\\/akuttspesialisten.no\\\/index.php\\\/2026\\\/01\\\/08\\\/utvider-teamet-forstehjelp-beredskap\\\/#respond\"]}]},{\"@type\":\"WebPage\",\"@id\":\"https:\\\/\\\/akuttspesialisten.no\\\/index.php\\\/2026\\\/01\\\/08\\\/utvider-teamet-forstehjelp-beredskap\\\/\",\"url\":\"https:\\\/\\\/akuttspesialisten.no\\\/index.php\\\/2026\\\/01\\\/08\\\/utvider-teamet-forstehjelp-beredskap\\\/\",\"name\":\"Vi utvider teamet v\u00e5rt innen f\u00f8rstehjelp og beredskap - AKUTTSPESIALISTEN AS\",\"isPartOf\":{\"@id\":\"https:\\\/\\\/akuttspesialisten.no\\\/#website\"},\"primaryImageOfPage\":{\"@id\":\"https:\\\/\\\/akuttspesialisten.no\\\/index.php\\\/2026\\\/01\\\/08\\\/utvider-teamet-forstehjelp-beredskap\\\/#primaryimage\"},\"image\":{\"@id\":\"https:\\\/\\\/akuttspesialisten.no\\\/index.php\\\/2026\\\/01\\\/08\\\/utvider-teamet-forstehjelp-beredskap\\\/#primaryimage\"},\"thumbnailUrl\":\"https:\\\/\\\/akuttspesialisten.no\\\/wp-content\\\/uploads\\\/2024\\\/08\\\/nyhet_vistyrkerteamet.png\",\"datePublished\":\"2026-01-08T17:51:52+00:00\",\"dateModified\":\"2026-01-08T18:00:46+00:00\",\"description\":\"Vi utvider teamet med nye instrukt\u00f8rer og \u00f8kt kapasitet innen beredskapsplaner og HMS for \u00e5 gi kundene enda bedre beredskap.\",\"breadcrumb\":{\"@id\":\"https:\\\/\\\/akuttspesialisten.no\\\/index.php\\\/2026\\\/01\\\/08\\\/utvider-teamet-forstehjelp-beredskap\\\/#breadcrumb\"},\"inLanguage\":\"nb-NO\",\"potentialAction\":[{\"@type\":\"ReadAction\",\"target\":[\"https:\\\/\\\/akuttspesialisten.no\\\/index.php\\\/2026\\\/01\\\/08\\\/utvider-teamet-forstehjelp-beredskap\\\/\"]}]},{\"@type\":\"ImageObject\",\"inLanguage\":\"nb-NO\",\"@id\":\"https:\\\/\\\/akuttspesialisten.no\\\/index.php\\\/2026\\\/01\\\/08\\\/utvider-teamet-forstehjelp-beredskap\\\/#primaryimage\",\"url\":\"https:\\\/\\\/akuttspesialisten.no\\\/wp-content\\\/uploads\\\/2024\\\/08\\\/nyhet_vistyrkerteamet.png\",\"contentUrl\":\"https:\\\/\\\/akuttspesialisten.no\\\/wp-content\\\/uploads\\\/2024\\\/08\\\/nyhet_vistyrkerteamet.png\",\"width\":1920,\"height\":852},{\"@type\":\"BreadcrumbList\",\"@id\":\"https:\\\/\\\/akuttspesialisten.no\\\/index.php\\\/2026\\\/01\\\/08\\\/utvider-teamet-forstehjelp-beredskap\\\/#breadcrumb\",\"itemListElement\":[{\"@type\":\"ListItem\",\"position\":1,\"name\":\"Home\",\"item\":\"https:\\\/\\\/akuttspesialisten.no\\\/\"},{\"@type\":\"ListItem\",\"position\":2,\"name\":\"Vi utvider teamet v\u00e5rt innen f\u00f8rstehjelp og beredskap\"}]},{\"@type\":\"WebSite\",\"@id\":\"https:\\\/\\\/akuttspesialisten.no\\\/#website\",\"url\":\"https:\\\/\\\/akuttspesialisten.no\\\/\",\"name\":\"AKUTTSPESIALISTEN AS\",\"description\":\"\",\"publisher\":{\"@id\":\"https:\\\/\\\/akuttspesialisten.no\\\/#organization\"},\"potentialAction\":[{\"@type\":\"SearchAction\",\"target\":{\"@type\":\"EntryPoint\",\"urlTemplate\":\"https:\\\/\\\/akuttspesialisten.no\\\/?s={search_term_string}\"},\"query-input\":{\"@type\":\"PropertyValueSpecification\",\"valueRequired\":true,\"valueName\":\"search_term_string\"}}],\"inLanguage\":\"nb-NO\"},{\"@type\":\"Organization\",\"@id\":\"https:\\\/\\\/akuttspesialisten.no\\\/#organization\",\"name\":\"AKUTTSPESIALISTEN AS\",\"url\":\"https:\\\/\\\/akuttspesialisten.no\\\/\",\"logo\":{\"@type\":\"ImageObject\",\"inLanguage\":\"nb-NO\",\"@id\":\"https:\\\/\\\/akuttspesialisten.no\\\/#\\\/schema\\\/logo\\\/image\\\/\",\"url\":\"https:\\\/\\\/akuttspesialisten.no\\\/wp-content\\\/uploads\\\/2024\\\/10\\\/logo_horizontal_72ppi.png\",\"contentUrl\":\"https:\\\/\\\/akuttspesialisten.no\\\/wp-content\\\/uploads\\\/2024\\\/10\\\/logo_horizontal_72ppi.png\",\"width\":243,\"height\":46,\"caption\":\"AKUTTSPESIALISTEN AS\"},\"image\":{\"@id\":\"https:\\\/\\\/akuttspesialisten.no\\\/#\\\/schema\\\/logo\\\/image\\\/\"},\"sameAs\":[\"https:\\\/\\\/www.facebook.com\\\/akuttspesialisten\\\/\"]},{\"@type\":\"Person\",\"@id\":\"https:\\\/\\\/akuttspesialisten.no\\\/#\\\/schema\\\/person\\\/be018088adcb64b0fe0b1c99d1d8226c\",\"name\":\"admin\",\"image\":{\"@type\":\"ImageObject\",\"inLanguage\":\"nb-NO\",\"@id\":\"https:\\\/\\\/secure.gravatar.com\\\/avatar\\\/01225207f73857db120e1cdcc4a604393f80c6973be8e286e99c23475be00102?s=96&d=mm&r=g\",\"url\":\"https:\\\/\\\/secure.gravatar.com\\\/avatar\\\/01225207f73857db120e1cdcc4a604393f80c6973be8e286e99c23475be00102?s=96&d=mm&r=g\",\"contentUrl\":\"https:\\\/\\\/secure.gravatar.com\\\/avatar\\\/01225207f73857db120e1cdcc4a604393f80c6973be8e286e99c23475be00102?s=96&d=mm&r=g\",\"caption\":\"admin\"},\"sameAs\":[\"https:\\\/\\\/akuttspesialisten.no\"],\"url\":\"https:\\\/\\\/akuttspesialisten.no\\\/index.php\\\/author\\\/admin_akuttspesialisten\\\/\"}]}<\/script>\n<!-- \/ Yoast SEO plugin. -->","yoast_head_json":{"title":"Vi utvider teamet v\u00e5rt innen f\u00f8rstehjelp og beredskap - AKUTTSPESIALISTEN AS","description":"Vi utvider teamet med nye instrukt\u00f8rer og \u00f8kt kapasitet innen beredskapsplaner og HMS for \u00e5 gi kundene enda bedre beredskap.","robots":{"index":"index","follow":"follow","max-snippet":"max-snippet:-1","max-image-preview":"max-image-preview:large","max-video-preview":"max-video-preview:-1"},"canonical":"https:\/\/akuttspesialisten.no\/index.php\/2026\/01\/08\/utvider-teamet-forstehjelp-beredskap\/","og_locale":"nb_NO","og_type":"article","og_title":"Vi utvider teamet v\u00e5rt innen f\u00f8rstehjelp og beredskap - AKUTTSPESIALISTEN AS","og_description":"Vi utvider teamet med nye instrukt\u00f8rer og \u00f8kt kapasitet innen beredskapsplaner og HMS for \u00e5 gi kundene enda bedre beredskap.","og_url":"https:\/\/akuttspesialisten.no\/index.php\/2026\/01\/08\/utvider-teamet-forstehjelp-beredskap\/","og_site_name":"AKUTTSPESIALISTEN AS","article_publisher":"https:\/\/www.facebook.com\/akuttspesialisten\/","article_published_time":"2026-01-08T17:51:52+00:00","article_modified_time":"2026-01-08T18:00:46+00:00","og_image":[{"width":1920,"height":852,"url":"https:\/\/akuttspesialisten.no\/wp-content\/uploads\/2024\/08\/nyhet_vistyrkerteamet.png","type":"image\/png"}],"author":"admin","twitter_card":"summary_large_image","twitter_misc":{"Skrevet av":"admin","Ansl. lesetid":"1 minutt"},"schema":{"@context":"https:\/\/schema.org","@graph":[{"@type":"Article","@id":"https:\/\/akuttspesialisten.no\/index.php\/2026\/01\/08\/utvider-teamet-forstehjelp-beredskap\/#article","isPartOf":{"@id":"https:\/\/akuttspesialisten.no\/index.php\/2026\/01\/08\/utvider-teamet-forstehjelp-beredskap\/"},"author":{"name":"admin","@id":"https:\/\/akuttspesialisten.no\/#\/schema\/person\/be018088adcb64b0fe0b1c99d1d8226c"},"headline":"Vi utvider teamet v\u00e5rt innen f\u00f8rstehjelp og beredskap","datePublished":"2026-01-08T17:51:52+00:00","dateModified":"2026-01-08T18:00:46+00:00","mainEntityOfPage":{"@id":"https:\/\/akuttspesialisten.no\/index.php\/2026\/01\/08\/utvider-teamet-forstehjelp-beredskap\/"},"wordCount":153,"commentCount":0,"publisher":{"@id":"https:\/\/akuttspesialisten.no\/#organization"},"image":{"@id":"https:\/\/akuttspesialisten.no\/index.php\/2026\/01\/08\/utvider-teamet-forstehjelp-beredskap\/#primaryimage"},"thumbnailUrl":"https:\/\/akuttspesialisten.no\/wp-content\/uploads\/2024\/08\/nyhet_vistyrkerteamet.png","articleSection":["F\u00f8rstehjelp","F\u00f8rstehjelp for barn","Krav til f\u00f8rstehjelpsutstyr","Nye instrukt\u00f8rer"],"inLanguage":"nb-NO","potentialAction":[{"@type":"CommentAction","name":"Comment","target":["https:\/\/akuttspesialisten.no\/index.php\/2026\/01\/08\/utvider-teamet-forstehjelp-beredskap\/#respond"]}]},{"@type":"WebPage","@id":"https:\/\/akuttspesialisten.no\/index.php\/2026\/01\/08\/utvider-teamet-forstehjelp-beredskap\/","url":"https:\/\/akuttspesialisten.no\/index.php\/2026\/01\/08\/utvider-teamet-forstehjelp-beredskap\/","name":"Vi utvider teamet v\u00e5rt innen f\u00f8rstehjelp og beredskap - AKUTTSPESIALISTEN AS","isPartOf":{"@id":"https:\/\/akuttspesialisten.no\/#website"},"primaryImageOfPage":{"@id":"https:\/\/akuttspesialisten.no\/index.php\/2026\/01\/08\/utvider-teamet-forstehjelp-beredskap\/#primaryimage"},"image":{"@id":"https:\/\/akuttspesialisten.no\/index.php\/2026\/01\/08\/utvider-teamet-forstehjelp-beredskap\/#primaryimage"},"thumbnailUrl":"https:\/\/akuttspesialisten.no\/wp-content\/uploads\/2024\/08\/nyhet_vistyrkerteamet.png","datePublished":"2026-01-08T17:51:52+00:00","dateModified":"2026-01-08T18:00:46+00:00","description":"Vi utvider teamet med nye instrukt\u00f8rer og \u00f8kt kapasitet innen beredskapsplaner og HMS for \u00e5 gi kundene enda bedre beredskap.","breadcrumb":{"@id":"https:\/\/akuttspesialisten.no\/index.php\/2026\/01\/08\/utvider-teamet-forstehjelp-beredskap\/#breadcrumb"},"inLanguage":"nb-NO","potentialAction":[{"@type":"ReadAction","target":["https:\/\/akuttspesialisten.no\/index.php\/2026\/01\/08\/utvider-teamet-forstehjelp-beredskap\/"]}]},{"@type":"ImageObject","inLanguage":"nb-NO","@id":"https:\/\/akuttspesialisten.no\/index.php\/2026\/01\/08\/utvider-teamet-forstehjelp-beredskap\/#primaryimage","url":"https:\/\/akuttspesialisten.no\/wp-content\/uploads\/2024\/08\/nyhet_vistyrkerteamet.png","contentUrl":"https:\/\/akuttspesialisten.no\/wp-content\/uploads\/2024\/08\/nyhet_vistyrkerteamet.png","width":1920,"height":852},{"@type":"BreadcrumbList","@id":"https:\/\/akuttspesialisten.no\/index.php\/2026\/01\/08\/utvider-teamet-forstehjelp-beredskap\/#breadcrumb","itemListElement":[{"@type":"ListItem","position":1,"name":"Home","item":"https:\/\/akuttspesialisten.no\/"},{"@type":"ListItem","position":2,"name":"Vi utvider teamet v\u00e5rt innen f\u00f8rstehjelp og beredskap"}]},{"@type":"WebSite","@id":"https:\/\/akuttspesialisten.no\/#website","url":"https:\/\/akuttspesialisten.no\/","name":"AKUTTSPESIALISTEN AS","description":"","publisher":{"@id":"https:\/\/akuttspesialisten.no\/#organization"},"potentialAction":[{"@type":"SearchAction","target":{"@type":"EntryPoint","urlTemplate":"https:\/\/akuttspesialisten.no\/?s={search_term_string}"},"query-input":{"@type":"PropertyValueSpecification","valueRequired":true,"valueName":"search_term_string"}}],"inLanguage":"nb-NO"},{"@type":"Organization","@id":"https:\/\/akuttspesialisten.no\/#organization","name":"AKUTTSPESIALISTEN AS","url":"https:\/\/akuttspesialisten.no\/","logo":{"@type":"ImageObject","inLanguage":"nb-NO","@id":"https:\/\/akuttspesialisten.no\/#\/schema\/logo\/image\/","url":"https:\/\/akuttspesialisten.no\/wp-content\/uploads\/2024\/10\/logo_horizontal_72ppi.png","contentUrl":"https:\/\/akuttspesialisten.no\/wp-content\/uploads\/2024\/10\/logo_horizontal_72ppi.png","width":243,"height":46,"caption":"AKUTTSPESIALISTEN AS"},"image":{"@id":"https:\/\/akuttspesialisten.no\/#\/schema\/logo\/image\/"},"sameAs":["https:\/\/www.facebook.com\/akuttspesialisten\/"]},{"@type":"Person","@id":"https:\/\/akuttspesialisten.no\/#\/schema\/person\/be018088adcb64b0fe0b1c99d1d8226c","name":"admin","image":{"@type":"ImageObject","inLanguage":"nb-NO","@id":"https:\/\/secure.gravatar.com\/avatar\/01225207f73857db120e1cdcc4a604393f80c6973be8e286e99c23475be00102?s=96&d=mm&r=g","url":"https:\/\/secure.gravatar.com\/avatar\/01225207f73857db120e1cdcc4a604393f80c6973be8e286e99c23475be00102?s=96&d=mm&r=g","contentUrl":"https:\/\/secure.gravatar.com\/avatar\/01225207f73857db120e1cdcc4a604393f80c6973be8e286e99c23475be00102?s=96&d=mm&r=g","caption":"admin"},"sameAs":["https:\/\/akuttspesialisten.no"],"url":"https:\/\/akuttspesialisten.no\/index.php\/author\/admin_akuttspesialisten\/"}]}},"_links":{"self":[{"href":"https:\/\/akuttspesialisten.no\/index.php\/wp-json\/wp\/v2\/posts\/1191","targetHints":{"allow":["GET"]}}],"collection":[{"href":"https:\/\/akuttspesialisten.no\/index.php\/wp-json\/wp\/v2\/posts"}],"about":[{"href":"https:\/\/akuttspesialisten.no\/index.php\/wp-json\/wp\/v2\/types\/post"}],"author":[{"embeddable":true,"href":"https:\/\/akuttspesialisten.no\/index.php\/wp-json\/wp\/v2\/users\/1"}],"replies":[{"embeddable":true,"href":"https:\/\/akuttspesialisten.no\/index.php\/wp-json\/wp\/v2\/comments?post=1191"}],"version-history":[{"count":1,"href":"https:\/\/akuttspesialisten.no\/index.php\/wp-json\/wp\/v2\/posts\/1191\/revisions"}],"predecessor-version":[{"id":1192,"href":"https:\/\/akuttspesialisten.no\/index.php\/wp-json\/wp\/v2\/posts\/1191\/revisions\/1192"}],"wp:featuredmedia":[{"embeddable":true,"href":"https:\/\/akuttspesialisten.no\/index.php\/wp-json\/wp\/v2\/media\/910"}],"wp:attachment":[{"href":"https:\/\/akuttspesialisten.no\/index.php\/wp-json\/wp\/v2\/media?parent=1191"}],"wp:term":[{"taxonomy":"category","embeddable":true,"href":"https:\/\/akuttspesialisten.no\/index.php\/wp-json\/wp\/v2\/categories?post=1191"},{"taxonomy":"post_tag","embeddable":true,"href":"https:\/\/akuttspesialisten.no\/index.php\/wp-json\/wp\/v2\/tags?post=1191"}],"curies":[{"name":"wp","href":"https:\/\/api.w.org\/{rel}","templated":true}]}}